{"id":2373,"date":"2025-06-11T16:26:15","date_gmt":"2025-06-11T08:26:15","guid":{"rendered":"http:\/\/1628.webi.svipwebs.com\/?p=2373"},"modified":"2025-06-11T16:26:32","modified_gmt":"2025-06-11T08:26:32","slug":"protests-unveiled-at-annecy-animators-rally-against-industrial-automations-ai-invasion","status":"publish","type":"post","link":"https:\/\/www.rzautoassembly.com\/hu\/protests-unveiled-at-annecy-animators-rally-against-industrial-automations-ai-invasion\/","title":{"rendered":"Protests Unveiled at Annecy: Animators Rally Against Industrial Automation\u2019s AI Invasion"},"content":{"rendered":"<div id=\"ez-toc-container\" class=\"ez-toc-v2_0_73 counter-hierarchy ez-toc-counter ez-toc-grey ez-toc-container-direction\">\n<div class=\"ez-toc-title-container\">\n<p class=\"ez-toc-title\" style=\"cursor:inherit\">Table of Contents<\/p>\n<span class=\"ez-toc-title-toggle\"><a href=\"#\" class=\"ez-toc-pull-right ez-toc-btn ez-toc-btn-xs ez-toc-btn-default ez-toc-toggle\" aria-label=\"Toggle Table of Content\"><span class=\"ez-toc-js-icon-con\"><span class=\"\"><span class=\"eztoc-hide\" style=\"display:none;\">Toggle<\/span><span class=\"ez-toc-icon-toggle-span\"><svg style=\"fill: #999;color:#999\" xmlns=\"http:\/\/www.w3.org\/2000\/svg\" class=\"list-377408\" width=\"20px\" height=\"20px\" viewbox=\"0 0 24 24\" fill=\"none\"><path d=\"M6 6H4v2h2V6zm14 0H8v2h12V6zM4 11h2v2H4v-2zm16 0H8v2h12v-2zM4 16h2v2H4v-2zm16 0H8v2h12v-2z\" fill=\"currentColor\"><\/path><\/svg><svg style=\"fill: #999;color:#999\" class=\"arrow-unsorted-368013\" xmlns=\"http:\/\/www.w3.org\/2000\/svg\" width=\"10px\" height=\"10px\" viewbox=\"0 0 24 24\" version=\"1.2\" baseprofile=\"tiny\"><path d=\"M18.2 9.3l-6.2-6.3-6.2 6.3c-.2.2-.3.4-.3.7s.1.5.3.7c.2.2.4.3.7.3h11c.3 0 .5-.1.7-.3.2-.2.3-.5.3-.7s-.1-.5-.3-.7zM5.8 14.7l6.2 6.3 6.2-6.3c.2-.2.3-.5.3-.7s-.1-.5-.3-.7c-.2-.2-.4-.3-.7-.3h-11c-.3 0-.5.1-.7.3-.2.2-.3.5-.3.7s.1.5.3.7z\"\/><\/svg><\/span><\/span><\/span><\/a><\/span><\/div>\n<nav><ul class='ez-toc-list ez-toc-list-level-1' ><li class='ez-toc-page-1 ez-toc-heading-level-1'><a class=\"ez-toc-link ez-toc-heading-1\" href=\"https:\/\/www.rzautoassembly.com\/hu\/protests-unveiled-at-annecy-animators-rally-against-industrial-automations-ai-invasion\/#Protests_Unveiled_at_Annecy_Animators_Rally_Against_Industrial_Automations_AI_Invasion\" title=\"T\u00fcntet\u00e9sek Annecy-ben: Anim\u00e1torok t\u00fcntetnek az ipari automatiz\u00e1l\u00e1s mesters\u00e9ges intelligencia inv\u00e1zi\u00f3ja ellen\">Protests Unveiled at Annecy: Animators Rally Against Industrial Automation\u2019s AI Invasion<\/a><ul class='ez-toc-list-level-4' ><li class='ez-toc-heading-level-4'><ul class='ez-toc-list-level-4' ><li class='ez-toc-heading-level-4'><ul class='ez-toc-list-level-4' ><li class='ez-toc-heading-level-4'><a class=\"ez-toc-link ez-toc-heading-2\" href=\"https:\/\/www.rzautoassembly.com\/hu\/protests-unveiled-at-annecy-animators-rally-against-industrial-automations-ai-invasion\/#AI_Not_a_Tool_but_a_Creative_Wrecker\" title=\"MI: Nem eszk\u00f6z, hanem kreat\u00edv rombol\u00f3\">MI: Nem eszk\u00f6z, hanem kreat\u00edv rombol\u00f3<\/a><\/li><li class='ez-toc-page-1 ez-toc-heading-level-4'><a class=\"ez-toc-link ez-toc-heading-3\" href=\"https:\/\/www.rzautoassembly.com\/hu\/protests-unveiled-at-annecy-animators-rally-against-industrial-automations-ai-invasion\/#The_Hidden_Costs_of_AI_%E2%80%9CEfficiency%E2%80%9D\" title=\"A mesters\u00e9ges intelligencia \u201ehat\u00e9konys\u00e1g\u00e1nak\u201d rejtett k\u00f6lts\u00e9gei\">A mesters\u00e9ges intelligencia \u201ehat\u00e9konys\u00e1g\u00e1nak\u201d rejtett k\u00f6lts\u00e9gei<\/a><\/li><li class='ez-toc-page-1 ez-toc-heading-level-4'><a class=\"ez-toc-link ez-toc-heading-4\" href=\"https:\/\/www.rzautoassembly.com\/hu\/protests-unveiled-at-annecy-animators-rally-against-industrial-automations-ai-invasion\/#The_3Cs_A_Blueprint_for_Creative_Survival\" title=\"A 3C: Terv a kreat\u00edv t\u00fal\u00e9l\u00e9shez\">A 3C: Terv a kreat\u00edv t\u00fal\u00e9l\u00e9shez<\/a><\/li><\/ul><\/li><li class='ez-toc-page-1 ez-toc-heading-level-3'><a class=\"ez-toc-link ez-toc-heading-5\" href=\"https:\/\/www.rzautoassembly.com\/hu\/protests-unveiled-at-annecy-animators-rally-against-industrial-automations-ai-invasion\/#Conclusion_Drawing_a_Line_in_the_Pixels\" title=\"Konkl\u00fazi\u00f3: Vonalh\u00faz\u00e1s a k\u00e9ppontokban\">Konkl\u00fazi\u00f3: Vonalh\u00faz\u00e1s a k\u00e9ppontokban<\/a><\/li><\/ul><\/li><\/ul><\/li><\/ul><\/nav><\/div>\n<h1 style=\"text-align: center;\"><span class=\"ez-toc-section\" id=\"Protests_Unveiled_at_Annecy_Animators_Rally_Against_Industrial_Automations_AI_Invasion\"><\/span><span style=\"font-family: 'times new roman', times, serif;\"><strong><b>Protests Unveiled at Annecy: Animators Rally Against Industrial Automation\u2019s AI Invasion<\/b><\/strong><\/span><span class=\"ez-toc-section-end\"><\/span><\/h1>\n<p><img fetchpriority=\"high\" decoding=\"async\" class=\"size-medium wp-image-2375 aligncenter\" src=\"https:\/\/www.rzautoassembly.com\/wp-content\/smush-webp\/2025\/06\/HMS-\u7f51\u7edc-2025-\u5e74\u5ea6\u62a5\u544a-441-1-300x213.png.webp\" alt=\"\" width=\"300\" height=\"213\" srcset=\"https:\/\/www.rzautoassembly.com\/wp-content\/smush-webp\/2025\/06\/HMS-\u7f51\u7edc-2025-\u5e74\u5ea6\u62a5\u544a-441-1-300x213.png.webp 300w, https:\/\/www.rzautoassembly.com\/wp-content\/smush-webp\/2025\/06\/HMS-\u7f51\u7edc-2025-\u5e74\u5ea6\u62a5\u544a-441-1-1024x728.png.webp 1024w, https:\/\/www.rzautoassembly.com\/wp-content\/smush-webp\/2025\/06\/HMS-\u7f51\u7edc-2025-\u5e74\u5ea6\u62a5\u544a-441-1-768x546.png.webp 768w, https:\/\/www.rzautoassembly.com\/wp-content\/smush-webp\/2025\/06\/HMS-\u7f51\u7edc-2025-\u5e74\u5ea6\u62a5\u544a-441-1-18x12.png.webp 18w, https:\/\/www.rzautoassembly.com\/wp-content\/smush-webp\/2025\/06\/HMS-\u7f51\u7edc-2025-\u5e74\u5ea6\u62a5\u544a-441-1.png.webp 1216w\" sizes=\"(max-width: 300px) 100vw, 300px\" \/><\/p>\n<p>Az Annecy Anim\u00e1ci\u00f3s Fesztiv\u00e1l csatat\u00e9rr\u00e9 v\u00e1lik, mivel a glob\u00e1lis szakszervezetek el\u00edt\u00e9lik a ...\u00a0<strong><b>intelligent automation<\/b><\/strong>\u00a0a kreat\u00edv ipar\u00e1gakba. Az anim\u00e1torok sz\u00e1m\u00e1ra a fenyeget\u00e9s nem csak technol\u00f3giai \u2013 ez egzisztenci\u00e1lis \u00f6sszecsap\u00e1s az emberi m\u0171v\u00e9szet \u00e9s a kreativit\u00e1s mechanikus replik\u00e1ci\u00f3ja k\u00f6z\u00f6tt. \u201eEz nem az eszk\u00f6z\u00f6kr\u0151l sz\u00f3l; hanem arr\u00f3l, hogy\u00a0<strong><b>automation equipment<\/b><\/strong>\u00a0\u201efegyverk\u00e9nt haszn\u00e1lj\u00e1k a m\u0171v\u00e9szek ellen\u201d \u2013 mondja egy szakszervezeti sz\u00f3viv\u0151. A streaming ipar\u00e1g \u00f6sszeoml\u00e1sa m\u00e1r eddig is elbocs\u00e1t\u00e1sokat \u00e9s kiszervez\u00e9st eredm\u00e9nyezett, de a generat\u00edv mesters\u00e9ges intelligencia most \u00faj vesz\u00e9lyt jelent: az anim\u00e1ci\u00f3t a v\u00e1llalati term\u00e9kk\u00e9nt szeml\u00e9ltet\u0151 elk\u00e9pzel\u00e9s.\u00a0<strong><b>industrial automation<\/b><\/strong>, ahol algoritmusok v\u00e1ltj\u00e1k fel a t\u00f6rt\u00e9netmes\u00e9l\u0151ket.<\/p>\n<h4><span class=\"ez-toc-section\" id=\"AI_Not_a_Tool_but_a_Creative_Wrecker\"><\/span><strong><b>MI: Nem eszk\u00f6z, hanem kreat\u00edv rombol\u00f3<\/b><\/strong><span class=\"ez-toc-section-end\"><\/span><\/h4>\n<p>A generat\u00edv mesters\u00e9ges intelligenci\u00e1t a st\u00fadi\u00f3knak a k\u00f6lts\u00e9gvet\u00e9si v\u00e1ls\u00e1gok megold\u00e1sak\u00e9nt \u00e1rulj\u00e1k, de az anim\u00e1torok val\u00f3ban annak l\u00e1tj\u00e1k, ami: egy hib\u00e1s, lopott kreativit\u00e1sra \u00e9p\u00fcl\u0151 f\u00e9nym\u00e1sol\u00f3g\u00e9pnek. Szerz\u0151i joggal v\u00e9dett m\u0171veken k\u00e9pzett rendszerek ut\u00e1nozz\u00e1k az emberi m\u0171v\u00e9szetet, mik\u00f6zben elt\u00f6rlik a kultur\u00e1lis soksz\u00edn\u0171s\u00e9get, amely meghat\u00e1rozza azt. \u201e\u00dagy kezelik az anim\u00e1ci\u00f3t, mint egy gy\u00e1rt\u00f3sort\u201d \u2013 mondja egy veter\u00e1n m\u0171v\u00e9sz.<strong><b>Industrial automation<\/b><\/strong>\u00a0a gy\u00e1rt\u00e1st agyatlan munk\u00e1v\u00e1 v\u00e1ltoztatta \u2013 most a mesters\u00e9ges intelligencia teszi ugyanezt a t\u00f6rt\u00e9netmes\u00e9l\u00e9ssel.\u201d A val\u00f3di \u00e1r? Nemcsak az elveszett munkahelyek, hanem maga a m\u0171v\u00e9szet privatiz\u00e1ci\u00f3ja is, ahogyan\u00a0<strong><b>automation equipment<\/b><\/strong>A -st\u00edlus\u00fa hat\u00e9konys\u00e1g felv\u00e1ltja az \u00e1rnyalt emberi kifejez\u00e9sm\u00f3dot.<\/p>\n<h4><span class=\"ez-toc-section\" id=\"The_Hidden_Costs_of_AI_%E2%80%9CEfficiency%E2%80%9D\"><\/span><strong><b>A mesters\u00e9ges intelligencia \u201ehat\u00e9konys\u00e1g\u00e1nak\u201d rejtett k\u00f6lts\u00e9gei<\/b><\/strong><span class=\"ez-toc-section-end\"><\/span><\/h4>\n<p>A munkahelyek elveszt\u00e9s\u00e9n t\u00fal a mesters\u00e9ges intelligencia hat\u00e1sa v\u00e9gigvonul a t\u00e1rsadalmon:<\/p>\n<ul>\n<li><b><\/b><strong><b>Kultur\u00e1lis homogeniz\u00e1ci\u00f3<\/b><\/strong>A mesters\u00e9ges intelligencia kimenetei t\u00fckr\u00f6zik az azt ir\u00e1ny\u00edt\u00f3k elfogults\u00e1g\u00e1t, elfojtva azt a soksz\u00edn\u0171s\u00e9get, amely az anim\u00e1ci\u00f3t er\u0151teljess\u00e9 teszi.<\/li>\n<li><b><\/b><strong><b>K\u00f6rnyezeti puszt\u00edt\u00e1s<\/b><\/strong>A mesters\u00e9ges intelligencia modelljeinek betan\u00edt\u00e1sa annyi energi\u00e1t fogyaszt, mint a kisv\u00e1rosok, ez az \u00e1r azonban a v\u00e1llalati technooptimizmus m\u00f6g\u00e9 b\u00fajik.<\/li>\n<li><b><\/b><strong><b>Etikai er\u00f3zi\u00f3<\/b><\/strong>A deepfake porn\u00f3t\u00f3l a kital\u00e1lt h\u00edrekig ugyanaz a technol\u00f3gia le\u00e9rt\u00e9keli a m\u0171v\u00e9szetet, \u00e9s al\u00e1\u00e1ssa az igazs\u00e1got is \u2013 mindezt a ... nev\u00e9ben.\u00a0<strong><b>intelligent automation<\/b><\/strong>.<\/li>\n<\/ul>\n<h4><span class=\"ez-toc-section\" id=\"The_3Cs_A_Blueprint_for_Creative_Survival\"><\/span><strong><b>A 3C: Terv a kreat\u00edv t\u00fal\u00e9l\u00e9shez<\/b><\/strong><span class=\"ez-toc-section-end\"><\/span><\/h4>\n<p>A szakszervezetek radik\u00e1lis ellentervet javasolnak:<\/p>\n<ol>\n<li><b><\/b><strong><b>Hozz\u00e1j\u00e1rul<\/b><\/strong>A mesters\u00e9ges intelligenci\u00e1nak nem szabad szerz\u0151i jogv\u00e9delem alatt \u00e1ll\u00f3 m\u0171veken tanulnia a szerz\u0151 kifejezett enged\u00e9lye n\u00e9lk\u00fcl \u2013 nincs t\u00f6bb kreat\u00edv lop\u00e1s a \u201ehalad\u00e1s\u201d \u00e1lc\u00e1ja alatt.<\/li>\n<li><b><\/b><strong><b>K\u00e1rt\u00e9r\u00edt\u00e9s<\/b><\/strong>A m\u0171v\u00e9szek fizet\u00e9st \u00e9rdemelnek, ha a mesters\u00e9ges intelligencia felhaszn\u00e1lja a st\u00edlusukat, a k\u00e9pm\u00e1sukat vagy a munk\u00e1jukat \u2013 ahogyan a gy\u00e1ri munk\u00e1sok is profit\u00e1lnak bel\u0151le.\u00a0<strong><b>automation equipment<\/b><\/strong>ami gyarap\u00edtja a munk\u00e1jukat.<\/li>\n<li><b><\/b><strong><b>Vez\u00e9rl\u0151k<\/b><\/strong>Az alkot\u00f3knak jogi hatalomra van sz\u00fcks\u00e9g\u00fck ahhoz, hogy szab\u00e1lyozhass\u00e1k a mesters\u00e9ges intelligencia szellemi tulajdonuk felhaszn\u00e1l\u00e1s\u00e1t, megakad\u00e1lyozva\u00a0<strong><b>industrial automation<\/b><\/strong>st\u00edlus\u00fa kizs\u00e1km\u00e1nyol\u00e1s.<\/li>\n<\/ol>\n<h3><span class=\"ez-toc-section\" id=\"Conclusion_Drawing_a_Line_in_the_Pixels\"><\/span><strong><b>Konkl\u00fazi\u00f3: Vonalh\u00faz\u00e1s a k\u00e9ppontokban<\/b><\/strong><span class=\"ez-toc-section-end\"><\/span><\/h3>\n<p>Az annecyi t\u00fcntet\u00e9sek t\u00f6bb mint munka\u00fcgyi vita \u2013 ezek annak a kinyilv\u00e1n\u00edt\u00e1sa, hogy a m\u0171v\u00e9szetet nem lehet csup\u00e1n...\u00a0<strong><b>intelligent automation<\/b><\/strong>Az anim\u00e1torok figyelmeztetnek: ha hagyjuk, hogy a mesters\u00e9ges intelligencia felv\u00e1ltsa az emberi alkot\u00f3kat, nemcsak a munkahelyeket vesz\u00edtj\u00fck el, hanem mag\u00e1t a t\u00f6rt\u00e9netmes\u00e9l\u00e9s lelk\u00e9t is. \u201eNem vagyunk a technol\u00f3gia ellen\u201d \u2013 mondja egy szakszervezeti vezet\u0151. \u201eAzt ellenezz\u00fck, hogy a m\u0171v\u00e9szeket fogaskerekekk\u00e9nt kezelj\u00fck egy\u2026\u201d\u00a0<strong><b>automation equipment<\/b><\/strong>\u00a0rendszer.\"<\/p>\n<p>A k\u00e9rd\u00e9s egyszer\u0171: az anim\u00e1ci\u00f3t emberi alkot\u00e1sk\u00e9nt, ne pedig emberi term\u00e9kk\u00e9nt ismerj\u00fck el.\u00a0<strong><b>industrial automation<\/b><\/strong>Ez azt jelenti:<\/p>\n<ul>\n<li>A kreat\u00edv munkaer\u0151 v\u00e9delm\u00e9t szolg\u00e1l\u00f3 jogszab\u00e1lyok, hasonl\u00f3an azokhoz a szab\u00e1lyoz\u00e1sokhoz, amelyek egykor humaniz\u00e1lt\u00e1k a gy\u00e1ri munk\u00e1t.<\/li>\n<li>V\u00e1llalati elsz\u00e1moltathat\u00f3s\u00e1g a mesters\u00e9ges intelligencia k\u00f6rnyezeti \u00e9s kultur\u00e1lis hat\u00e1sai\u00e9rt.<\/li>\n<li>Egy glob\u00e1lis szakszervezeti mozgalom, amely az anim\u00e1torok jogait ugyanolyan fontosnak tartja, mint b\u00e1rmely m\u00e1s ipari munk\u00e1s\u00e9it.<\/li>\n<\/ul>\n<p>V\u00e9gs\u0151 soron nem a halad\u00e1s meg\u00e1ll\u00edt\u00e1s\u00e1r\u00f3l van sz\u00f3, hanem annak meghat\u00e1roz\u00e1s\u00e1r\u00f3l. Vajon az anim\u00e1ci\u00f3 a folyamat \u00fajabb \u00e1ldozat\u00e1v\u00e1 v\u00e1lik?\u00a0<strong><b>intelligent automation<\/b><\/strong>, vagy tiszteletben tartjuk azt az igazs\u00e1got, hogy a nagyszer\u0171 m\u0171v\u00e9szet emberi k\u00e9zb\u0151l, sz\u00edvb\u0151l \u00e9s elm\u00e9b\u0151l sz\u00fcletik? Az Annecy-ben kapott v\u00e1lasz alak\u00edthatja mag\u00e1nak a kreativit\u00e1snak a j\u00f6v\u0151j\u00e9t.<\/p>","protected":false},"excerpt":{"rendered":"<p>Protests Unveiled at Annecy: Animators Rally Against Industrial Automation\u2019s AI Invasion The Annecy Animation Festival is set to become a battleground as global unions decry the encroachment of\u00a0intelligent automation\u00a0into creative industries. For animators, the threat isn\u2019t just technological\u2014it\u2019s an existential clash between human artistry and the mechanical replication of creativity. \u201cThis isn\u2019t about tools; it\u2019s [\u2026]<\/p>","protected":false},"author":2,"featured_media":2374,"comment_status":"open","ping_status":"open","sticky":false,"template":"","format":"standard","meta":{"footnotes":""},"categories":[1,124],"tags":[],"class_list":["post-2373","post","type-post","status-publish","format-standard","has-post-thumbnail","hentry","category-news","category-technology"],"acf":[],"_links":{"self":[{"href":"https:\/\/www.rzautoassembly.com\/hu\/wp-json\/wp\/v2\/posts\/2373","targetHints":{"allow":["GET"]}}],"collection":[{"href":"https:\/\/www.rzautoassembly.com\/hu\/wp-json\/wp\/v2\/posts"}],"about":[{"href":"https:\/\/www.rzautoassembly.com\/hu\/wp-json\/wp\/v2\/types\/post"}],"author":[{"embeddable":true,"href":"https:\/\/www.rzautoassembly.com\/hu\/wp-json\/wp\/v2\/users\/2"}],"replies":[{"embeddable":true,"href":"https:\/\/www.rzautoassembly.com\/hu\/wp-json\/wp\/v2\/comments?post=2373"}],"version-history":[{"count":0,"href":"https:\/\/www.rzautoassembly.com\/hu\/wp-json\/wp\/v2\/posts\/2373\/revisions"}],"wp:featuredmedia":[{"embeddable":true,"href":"https:\/\/www.rzautoassembly.com\/hu\/wp-json\/wp\/v2\/media\/2374"}],"wp:attachment":[{"href":"https:\/\/www.rzautoassembly.com\/hu\/wp-json\/wp\/v2\/media?parent=2373"}],"wp:term":[{"taxonomy":"category","embeddable":true,"href":"https:\/\/www.rzautoassembly.com\/hu\/wp-json\/wp\/v2\/categories?post=2373"},{"taxonomy":"post_tag","embeddable":true,"href":"https:\/\/www.rzautoassembly.com\/hu\/wp-json\/wp\/v2\/tags?post=2373"}],"curies":[{"name":"wp","href":"https:\/\/api.w.org\/{rel}","templated":true}]}}